{"id":2873,"date":"2023-09-26T11:28:00","date_gmt":"2023-09-26T09:28:00","guid":{"rendered":"https:\/\/gutes-von-morgen.de\/blog\/?p=2873"},"modified":"2023-09-27T23:38:41","modified_gmt":"2023-09-27T21:38:41","slug":"nordstream-anschlaege-jahrestag","status":"publish","type":"post","link":"https:\/\/gutes-von-morgen.de\/blog\/nordstream-anschlaege-jahrestag\/2023\/09\/26\/","title":{"rendered":"Nordstream Anschl&#228;ge Jahrestag"},"content":{"rendered":"<p><a href=\"https:\/\/harlekinshop.com\/collections\/nord-stream-2\"><img loading=\"lazy\" decoding=\"async\" src=\"https:\/\/gutes-von-morgen.de\/blog\/wp-content\/uploads\/2023\/09\/neu2_a4188388-d800-42b3-b894-9a196cf5c82e_1800x1800-150x150.webp\" alt=\"\" width=\"150\" height=\"150\" class=\"alignright size-thumbnail wp-image-2875\" srcset=\"https:\/\/gutes-von-morgen.de\/blog\/wp-content\/uploads\/2023\/09\/neu2_a4188388-d800-42b3-b894-9a196cf5c82e_1800x1800-150x150.webp 150w, https:\/\/gutes-von-morgen.de\/blog\/wp-content\/uploads\/2023\/09\/neu2_a4188388-d800-42b3-b894-9a196cf5c82e_1800x1800-450x450.webp 450w, https:\/\/gutes-von-morgen.de\/blog\/wp-content\/uploads\/2023\/09\/neu2_a4188388-d800-42b3-b894-9a196cf5c82e_1800x1800-768x768.webp 768w, https:\/\/gutes-von-morgen.de\/blog\/wp-content\/uploads\/2023\/09\/neu2_a4188388-d800-42b3-b894-9a196cf5c82e_1800x1800-624x624.webp 624w, https:\/\/gutes-von-morgen.de\/blog\/wp-content\/uploads\/2023\/09\/neu2_a4188388-d800-42b3-b894-9a196cf5c82e_1800x1800.webp 1000w\" sizes=\"auto, (max-width: 150px) 100vw, 150px\" \/><\/a><\/p>\n<p>Niemand wei\u00df, wer den Anschlag auf die Gas-Pipeline zwischen Russland und Deutschland beauftragt und \/ oder durchgef\u00fchrt hat. Fakt ist, dass den gr\u00f6\u00dften Schaden der zerst\u00f6rten Pipeline Deutschland tr\u00e4gt. Wir haben zur Zeit die h\u00f6chsten Energiekosten der Welt. Man muss nicht studiert haben, um zu erkennen, dass Investitionen in Deutschland nicht mehr m\u00f6glich sind. Ich meine nat\u00fcrlich Investitionen abseits von mit Steuergeld gef\u00f6rderten Aktivit\u00e4ten. Vielleicht wird es an der Stelle f\u00fcr den einen oder anderen tats\u00e4chlich schon kompliziert. Eigentlich erschreckend \u2026<\/p>\n<p>Ein <a href=\"https:\/\/www.ndr.de\/nachrichten\/info\/Erster-Jahrestag-der-Nord-Stream-Explosionen-in-der-Ostsee,audio1473826.html\" rel=\"noopener\" target=\"_blank\">Audio des NDR<\/a> zum ersten Jahrestag der Anschl\u00e4ge auf die Nordstream Pipelines.<\/p>\n<p>Mir dr\u00e4ngt sich bei dem Beitrag des NDR die Frage auf: warum wird mit keinem Wort erw\u00e4hnt, dass der US-Pr\u00e4sident Joseph Robinette Biden Jr. im Februar 2022 unmissverst\u00e4ndlich angek\u00fcndigt hat, dass \u201esie\u201c Nordstream \u201ebeenden\u201c werden? Es handelt sich um eine Aussage auf einer Pressekonferenz w\u00e4hrend einer USA-Reise des Bundeskanzlers Olaf Scholz. Dieser stand dem Video nach zu urteilen, w\u00e4rend der Ank\u00fcndigung direkt neben Herrn Biden.<\/p>\n<p>Kommt im Amtseid eines Bundeskanzlers eigentlich so etwas wie \u201eWahrung deutscher Interessen\u201c vor? Zumindest im \u00fcbertragenden Sinn k\u00f6nnte man das so interpretieren.<\/p>\n<blockquote><p>Der Amtseid in Artikel 56 des Grundgesetzes lautet: \u201eIch schw\u00f6re, dass ich meine Kraft dem Wohle des deutschen Volkes widmen, seinen Nutzen mehren, Schaden von ihm wenden, das Grundgesetz und die Gesetze des Bundes wahren und verteidigen, meine Pflichten gewissenhaft erf\u00fcllen und Gerechtigkeit gegen jedermann \u00fcben werde. So wahr mir Gott helfe.\u201c<\/p><\/blockquote>\n<p>Bidens Zitat mit der Ank\u00fcndigung eines m\u00f6glichen Anschlags auf die europ\u00e4ische Energieversorgung ist im Kanal der Frankfurter Allgemeinen Zeitung auf youtube enthalten:<\/p>\n<div class=\"embed-privacy-container is-disabled embed-youtube\" data-embed-id=\"oembed_276b04ef19a14b7c000403d3260d5482\" data-embed-provider=\"youtube\" style=\"aspect-ratio: 560\/315;\">\t\t\t\t\t\t<button type=\"button\" class=\"embed-privacy-enable screen-reader-text\">\u201eYouTube video player\u201c von YouTube anzeigen<\/button>\t\t\t\t\t\t\n<div class=\"embed-privacy-overlay\">\n<div class=\"embed-privacy-inner\">\n<div class=\"embed-privacy-logo\" style=\"background-image: url(https:\/\/gutes-von-morgen.de\/blog\/wp-content\/plugins\/embed-privacy\/assets\/images\/embed-youtube.png?ver=1.12.3);\"><\/div>\n<p>\t\tHier klicken, um den Inhalt von YouTube anzuzeigen.\t\t\t\t\t<br data-epi-spacing>\t\t\t\t\tErfahre mehr in der <a href=\"https:\/\/policies.google.com\/privacy?hl=de\" target=\"_blank\">Datenschutzerkl\u00e4rung von YouTube<\/a>.\t\t<\/p>\n<p class=\"embed-privacy-input-wrapper\">\t\t\t<input id=\"embed-privacy-store-youtube-276b04ef19a14b7c000403d3260d5482\" type=\"checkbox\" value=\"1\" class=\"embed-privacy-input\" data-embed-provider=\"youtube\">\t\t\t<label for=\"embed-privacy-store-youtube-276b04ef19a14b7c000403d3260d5482\" class=\"embed-privacy-label\" data-embed-provider=\"youtube\">\t\t\t\tInhalt von YouTube immer anzeigen\t\t\t<\/label>\t\t<\/p>\n<\/div>\n<div class=\"embed-privacy-footer\"><span class=\"embed-privacy-url\"><a href=\"https:\/\/www.youtube.com\/embed\/JOE0SX1Y1ps?si=VRND_fPUB19WVEB8\">\u201eYouTube video player\u201c direkt \u00f6ffnen<\/a><\/span><\/div>\n<\/div>\n<div class=\"embed-privacy-content\">\t\t\t\t<script>var _oembed_276b04ef19a14b7c000403d3260d5482 = '{\\\"embed\\\":\\\"&lt;iframe width=&quot;560&quot; height=&quot;315&quot; src=&quot;https:\\\\\/\\\\\/www.youtube-nocookie.com\\\\\/embed\\\\\/JOE0SX1Y1ps?si=VRND_fPUB19WVEB8&quot; title=&quot;YouTube video player&quot; frameborder=&quot;0&quot; allow=&quot;accelerometer; autoplay; clipboard-write; encrypted-media; gyroscope; picture-in-picture; web-share&quot; allowfullscreen&gt;&lt;\\\\\/iframe&gt;\\\"}';<\/script>\t\t\t<\/div>\n<\/div>\n<p>In der Verzweiflung hilft nur Humor \u2026 Dazu das Statement eines bekannten S\u00fcdamerikaners \u2026<br data-epi-spacing>\n<div class=\"embed-privacy-container is-disabled embed-odysee-com\" data-embed-id=\"oembed_69e67343f3ebbd7791c0522d616969ca\" data-embed-provider=\"odysee-com\" style=\"aspect-ratio: 560\/315;\">\t\t\t\t\t\t<button type=\"button\" class=\"embed-privacy-enable screen-reader-text\">Inhalt von odysee.com anzeigen<\/button>\t\t\t\t\t\t<div class=\"embed-privacy-overlay\">\t\t\t\t<div class=\"embed-privacy-inner\">\t\t\t\t\t\t\t<p>\t\tHier klicken, um den Inhalt von odysee.com anzuzeigen.\t\t<\/p>\t\t<p class=\"embed-privacy-input-wrapper\">\t\t\t<input id=\"embed-privacy-store-odysee-com-69e67343f3ebbd7791c0522d616969ca\" type=\"checkbox\" value=\"1\" class=\"embed-privacy-input\" data-embed-provider=\"odysee-com\">\t\t\t<label for=\"embed-privacy-store-odysee-com-69e67343f3ebbd7791c0522d616969ca\" class=\"embed-privacy-label\" data-embed-provider=\"odysee-com\">\t\t\t\tInhalt von odysee.com immer anzeigen\t\t\t<\/label>\t\t<\/p>\t\t\t\t\t\t<\/div>\t\t\t\t\t\t\t\t<div class=\"embed-privacy-footer\"><span class=\"embed-privacy-url\"><a href=\"https:\/\/odysee.com\/%24\/embed\/@Systemgegner:2\/El-Risitas-%C3%BCber-Nordstream:e?r=EaQTSmLCiQTAooTb7K2a3cKpKvieTHcg\">Inhalt direkt \u00f6ffnen<\/a><\/span><\/div>\t\t\t<\/div>\t\t\t\t\t\t<div class=\"embed-privacy-content\">\t\t\t\t<script>var _oembed_69e67343f3ebbd7791c0522d616969ca = '{\\\"embed\\\":\\\"&lt;iframe id=&quot;odysee-iframe&quot; width=&quot;560&quot; height=&quot;315&quot; src=&quot;https:\\\\\/\\\\\/odysee.com\\\\\/%24\\\\\/embed\\\\\/@Systemgegner:2\\\\\/El-Risitas-%C3%BCber-Nordstream:e?r=EaQTSmLCiQTAooTb7K2a3cKpKvieTHcg&quot; allowfullscreen&gt;&lt;\\\\\/iframe&gt;\\\"}';<\/script>\t\t\t<\/div>\t\t<\/div><\/p>\n<p>\u00dcbrigens ist im <a href=\"https:\/\/twitter.com\/StateDept\/status\/1486818088016355336\" rel=\"noopener\" target=\"_blank\">Twitter-Kanal<\/a> des U.S. Department of State folgendes Video-Zitat von Victoria Nuland enthalten:<\/p>\n<blockquote><p>\u201cIf Russia invades Ukraine, one way or another, Nord Stream 2 will not move forward.\u201d<\/p><\/blockquote>\n<p>Victoria Nuland ist eine amerikanische \u201eDiplomatin\u201c, die 2014 im Zusammenhang mit dem Umbruch der Ukraine ihre Sicht auf die Bedeutung der europ\u00e4ischen Interessen zusammengefasst hat mit<\/p>\n<p>\u201eFuck the EU\u201c (Quelle: <a href=\"https:\/\/www.tagesschau.de\/ausland\/ukraine-mitschnitt-ts-100.html\" rel=\"noopener\" target=\"_blank\">tagesschau.de<\/a>)<\/p>\n<p>Frau Nuland zeigte sich nach dem Anschlag wohl auch erfreut \u00fcber die Zerst\u00f6rung der Pipelines.<\/p>\n<div class=\"embed-privacy-container is-disabled embed-youtube\" data-embed-id=\"oembed_e1d2e19e80bd76eb413a6edb34878776\" data-embed-provider=\"youtube\" style=\"aspect-ratio: 560\/315;\">\t\t\t\t\t\t<button type=\"button\" class=\"embed-privacy-enable screen-reader-text\">\u201eYouTube video player\u201c von YouTube anzeigen<\/button>\t\t\t\t\t\t\n<div class=\"embed-privacy-overlay\">\n<div class=\"embed-privacy-inner\">\n<div class=\"embed-privacy-logo\" style=\"background-image: url(https:\/\/gutes-von-morgen.de\/blog\/wp-content\/plugins\/embed-privacy\/assets\/images\/embed-youtube.png?ver=1.12.3);\"><\/div>\n<p>\t\tHier klicken, um den Inhalt von YouTube anzuzeigen.\t\t\t\t\t<br data-epi-spacing>\t\t\t\t\tErfahre mehr in der <a href=\"https:\/\/policies.google.com\/privacy?hl=de\" target=\"_blank\">Datenschutzerkl\u00e4rung von YouTube<\/a>.\t\t<\/p>\n<p class=\"embed-privacy-input-wrapper\">\t\t\t<input id=\"embed-privacy-store-youtube-e1d2e19e80bd76eb413a6edb34878776\" type=\"checkbox\" value=\"1\" class=\"embed-privacy-input\" data-embed-provider=\"youtube\">\t\t\t<label for=\"embed-privacy-store-youtube-e1d2e19e80bd76eb413a6edb34878776\" class=\"embed-privacy-label\" data-embed-provider=\"youtube\">\t\t\t\tInhalt von YouTube immer anzeigen\t\t\t<\/label>\t\t<\/p>\n<\/div>\n<div class=\"embed-privacy-footer\"><span class=\"embed-privacy-url\"><a href=\"https:\/\/www.youtube.com\/embed\/kO_MclI15YA?si=gBqtjvFEIu2-jQvV\">\u201eYouTube video player\u201c direkt \u00f6ffnen<\/a><\/span><\/div>\n<\/div>\n<div class=\"embed-privacy-content\">\t\t\t\t<script>var _oembed_e1d2e19e80bd76eb413a6edb34878776 = '{\\\"embed\\\":\\\"&lt;iframe width=&quot;560&quot; height=&quot;315&quot; src=&quot;https:\\\\\/\\\\\/www.youtube-nocookie.com\\\\\/embed\\\\\/kO_MclI15YA?si=gBqtjvFEIu2-jQvV&quot; title=&quot;YouTube video player&quot; frameborder=&quot;0&quot; allow=&quot;accelerometer; autoplay; clipboard-write; encrypted-media; gyroscope; picture-in-picture; web-share&quot; allowfullscreen&gt;&lt;\\\\\/iframe&gt;\\\"}';<\/script>\t\t\t<\/div>\n<\/div>\n<p>Nat\u00fcrlich sind das alles keine Beweise daf\u00fcr, dass die USA am Anschlag auf Nordstream beteiligt waren. Meine Frage ist nur, warum der hier dargestellten Sachverhalt in den Recherchen des NDR nicht vorkommt sondern davon gesprochen wird, dass es keine Anhaltspunkte f\u00fcr eine Beteiligung der USA gebe. Immerhin handelt es sich um unbestrittene Zitate von mehr als hochrangigen Politikern der USA. Hat das keine Bedeutung in der Weltpolitik?<\/p>\n","protected":false},"excerpt":{"rendered":"<p>Niemand wei&#223;, wer den Anschlag auf die Gas-Pipeline zwischen Russland und Deutschland beauftragt und \/ oder durchgef&#252;hrt hat. Fakt ist, dass den gr&#246;&#223;ten Schaden der zerst&#246;rten Pipeline Deutschland tr&#228;gt. Wir haben zur Zeit die h&#246;chsten Energiekosten der Welt. Man muss nicht studiert haben, um zu erkennen, dass Investitionen in Deutschland nicht mehr m&#246;glich sind. Ich [&hellip;]<\/p>\n","protected":false},"author":2,"featured_media":0,"comment_status":"open","ping_status":"open","sticky":false,"template":"","format":"standard","meta":{"footnotes":""},"categories":[3],"tags":[],"class_list":["post-2873","post","type-post","status-publish","format-standard","hentry","category-sonstwas"],"_links":{"self":[{"href":"https:\/\/gutes-von-morgen.de\/blog\/wp-json\/wp\/v2\/posts\/2873","targetHints":{"allow":["GET"]}}],"collection":[{"href":"https:\/\/gutes-von-morgen.de\/blog\/wp-json\/wp\/v2\/posts"}],"about":[{"href":"https:\/\/gutes-von-morgen.de\/blog\/wp-json\/wp\/v2\/types\/post"}],"author":[{"embeddable":true,"href":"https:\/\/gutes-von-morgen.de\/blog\/wp-json\/wp\/v2\/users\/2"}],"replies":[{"embeddable":true,"href":"https:\/\/gutes-von-morgen.de\/blog\/wp-json\/wp\/v2\/comments?post=2873"}],"version-history":[{"count":9,"href":"https:\/\/gutes-von-morgen.de\/blog\/wp-json\/wp\/v2\/posts\/2873\/revisions"}],"predecessor-version":[{"id":2883,"href":"https:\/\/gutes-von-morgen.de\/blog\/wp-json\/wp\/v2\/posts\/2873\/revisions\/2883"}],"wp:attachment":[{"href":"https:\/\/gutes-von-morgen.de\/blog\/wp-json\/wp\/v2\/media?parent=2873"}],"wp:term":[{"taxonomy":"category","embeddable":true,"href":"https:\/\/gutes-von-morgen.de\/blog\/wp-json\/wp\/v2\/categories?post=2873"},{"taxonomy":"post_tag","embeddable":true,"href":"https:\/\/gutes-von-morgen.de\/blog\/wp-json\/wp\/v2\/tags?post=2873"}],"curies":[{"name":"wp","href":"https:\/\/api.w.org\/{rel}","templated":true}]}}